{"id":176,"date":"2013-08-12T19:08:26","date_gmt":"2013-08-12T17:08:26","guid":{"rendered":"http:\/\/www.feuerwehr-kuden.de\/wcms\/?p=176"},"modified":"2013-08-15T20:51:23","modified_gmt":"2013-08-15T18:51:23","slug":"feuerwehrfuhrerschein-bestanden","status":"publish","type":"post","link":"http:\/\/www.feuerwehr-kuden.de\/wcms\/2013\/feuerwehrfuhrerschein-bestanden\/","title":{"rendered":"Feuerwehrf\u00fchrerschein bestanden"},"content":{"rendered":"<p>Sonja Buthmann, S\u00f6ren Winter sowie Marten und Mathis Rentzow haben erfolgreich den Feuerwehrf\u00fchrerschein C1 bestanden. Jetzt d\u00fcrfen auch sie das neue L\u00f6schfahrzeug der Feuerwehr Kuden endlich fahren. Mit den heutigen PKW-F\u00fchrerscheinen d\u00fcrfen nur Fahrzeuge bis 2,8 to bewegt werden. Unser Feuerwehrauto wiegt jedoch 7,49 to. Mit dem ehemaligen Fahrschulinhaber Hans Hahnkamp stand ein kompetenter Fachmann f\u00fcr Theorie, Praxis und Pr\u00fcfungsfahrt zur Verf\u00fcgung. Er legte viel Wert auf ein defensives Fahrverhalten und die Umsichtigkeit der Fahrer. Zuvor hatte der stellv. Gruppenf\u00fchrer Tjark Wiese die F\u00fchrerscheinanw\u00e4rter an zwei Abenden in die Fahrzeugtechnik eingewiesen und auf dem Gel\u00e4nde der Feuerwehr Rangier- und Einweisungs\u00fcbungen vorgenommen. Aufgrund der guten Vorbereitung und dem Engagement der Teilnehmer ben\u00f6tigten alle vier im praktischen Teil nur eine einst\u00fcndige \u00dcberpr\u00fcfungsfahrt. Die F\u00fchrerscheine wurden am Dienstabend durch den Gemeindewehrf\u00fchrer Kay Ehlers ausgeh\u00e4ndigt.<\/p>\n\n\t\t<style type=\"text\/css\">\n\t\t\t#gallery-1 {\n\t\t\t\tmargin: auto;\n\t\t\t}\n\t\t\t#gallery-1 .gallery-item {\n\t\t\t\tfloat: left;\n\t\t\t\tmargin-top: 10px;\n\t\t\t\ttext-align: center;\n\t\t\t\twidth: 25%;\n\t\t\t}\n\t\t\t#gallery-1 img {\n\t\t\t\tborder: 2px solid #cfcfcf;\n\t\t\t}\n\t\t\t#gallery-1 .gallery-caption {\n\t\t\t\tmargin-left: 0;\n\t\t\t}\n\t\t\t\/* see gallery_shortcode() in wp-includes\/media.php *\/\n\t\t<\/style>\n\t\t<div id='gallery-1' class='gallery galleryid-176 gallery-columns-4 gallery-size-thumbnail'><dl class='gallery-item'>\n\t\t\t<dt class='gallery-icon portrait'>\n\t\t\t\t<a href='http:\/\/www.feuerwehr-kuden.de\/wcms\/wp-content\/uploads\/2013\/08\/DSC_2773.jpg' title=\"\" data-rl_title=\"\" class=\"rl-gallery-link\" data-rl_caption=\"\" data-rel=\"lightbox-gallery-1\"><img width=\"150\" height=\"150\" src=\"http:\/\/www.feuerwehr-kuden.de\/wcms\/wp-content\/uploads\/2013\/08\/DSC_2773-150x150.jpg\" class=\"attachment-thumbnail size-thumbnail\" alt=\"\" loading=\"lazy\" aria-describedby=\"gallery-1-631\" \/><\/a>\n\t\t\t<\/dt>\n\t\t\t\t<dd class='wp-caption-text gallery-caption' id='gallery-1-631'>\n\t\t\t\tSonja, zurecht stolz!\n\t\t\t\t<\/dd><\/dl><dl class='gallery-item'>\n\t\t\t<dt class='gallery-icon portrait'>\n\t\t\t\t<a href='http:\/\/www.feuerwehr-kuden.de\/wcms\/wp-content\/uploads\/2013\/08\/DSC_2766.jpg' title=\"\" data-rl_title=\"\" class=\"rl-gallery-link\" data-rl_caption=\"\" data-rel=\"lightbox-gallery-1\"><img width=\"150\" height=\"150\" src=\"http:\/\/www.feuerwehr-kuden.de\/wcms\/wp-content\/uploads\/2013\/08\/DSC_2766-150x150.jpg\" class=\"attachment-thumbnail size-thumbnail\" alt=\"\" loading=\"lazy\" aria-describedby=\"gallery-1-630\" \/><\/a>\n\t\t\t<\/dt>\n\t\t\t\t<dd class='wp-caption-text gallery-caption' id='gallery-1-630'>\n\t\t\t\tGratulation vom Wehrf\u00fchrer\n\t\t\t\t<\/dd><\/dl><dl class='gallery-item'>\n\t\t\t<dt class='gallery-icon portrait'>\n\t\t\t\t<a href='http:\/\/www.feuerwehr-kuden.de\/wcms\/wp-content\/uploads\/2013\/08\/DSC_2752.jpg' title=\"\" data-rl_title=\"\" class=\"rl-gallery-link\" data-rl_caption=\"\" data-rel=\"lightbox-gallery-1\"><img width=\"150\" height=\"150\" src=\"http:\/\/www.feuerwehr-kuden.de\/wcms\/wp-content\/uploads\/2013\/08\/DSC_2752-150x150.jpg\" class=\"attachment-thumbnail size-thumbnail\" alt=\"\" loading=\"lazy\" aria-describedby=\"gallery-1-629\" \/><\/a>\n\t\t\t<\/dt>\n\t\t\t\t<dd class='wp-caption-text gallery-caption' id='gallery-1-629'>\n\t\t\t\tFeuerwehrf\u00fchrerschein C1\n\t\t\t\t<\/dd><\/dl><dl class='gallery-item'>\n\t\t\t<dt class='gallery-icon landscape'>\n\t\t\t\t<a href='http:\/\/www.feuerwehr-kuden.de\/wcms\/wp-content\/uploads\/2013\/08\/DSC_2747.jpg' title=\"\" data-rl_title=\"\" class=\"rl-gallery-link\" data-rl_caption=\"\" data-rel=\"lightbox-gallery-1\"><img width=\"150\" height=\"150\" src=\"http:\/\/www.feuerwehr-kuden.de\/wcms\/wp-content\/uploads\/2013\/08\/DSC_2747-150x150.jpg\" class=\"attachment-thumbnail size-thumbnail\" alt=\"\" loading=\"lazy\" aria-describedby=\"gallery-1-628\" \/><\/a>\n\t\t\t<\/dt>\n\t\t\t\t<dd class='wp-caption-text gallery-caption' id='gallery-1-628'>\n\t\t\t\tYes, Pr\u00fcfung bestanden!\n\t\t\t\t<\/dd><\/dl><br style=\"clear: both\" \/>\n\t\t<\/div>\n\n<p>&nbsp;<\/p>\n","protected":false},"excerpt":{"rendered":"Sonja Buthmann, S\u00f6ren Winter sowie Marten und Mathis Rentzow haben erfolgreich den Feuerwehrf\u00fchrerschein C1 bestanden. Jetzt d\u00fcrfen auch sie das neue L\u00f6schfahrzeug der Feuerwehr Kuden &hellip;","protected":false},"author":3,"featured_media":0,"comment_status":"closed","ping_status":"open","sticky":false,"template":"","format":"standard","meta":{"ngg_post_thumbnail":0},"categories":[1],"tags":[],"_links":{"self":[{"href":"http:\/\/www.feuerwehr-kuden.de\/wcms\/wp-json\/wp\/v2\/posts\/176"}],"collection":[{"href":"http:\/\/www.feuerwehr-kuden.de\/wcms\/wp-json\/wp\/v2\/posts"}],"about":[{"href":"http:\/\/www.feuerwehr-kuden.de\/wcms\/wp-json\/wp\/v2\/types\/post"}],"author":[{"embeddable":true,"href":"http:\/\/www.feuerwehr-kuden.de\/wcms\/wp-json\/wp\/v2\/users\/3"}],"replies":[{"embeddable":true,"href":"http:\/\/www.feuerwehr-kuden.de\/wcms\/wp-json\/wp\/v2\/comments?post=176"}],"version-history":[{"count":4,"href":"http:\/\/www.feuerwehr-kuden.de\/wcms\/wp-json\/wp\/v2\/posts\/176\/revisions"}],"predecessor-version":[{"id":179,"href":"http:\/\/www.feuerwehr-kuden.de\/wcms\/wp-json\/wp\/v2\/posts\/176\/revisions\/179"}],"wp:attachment":[{"href":"http:\/\/www.feuerwehr-kuden.de\/wcms\/wp-json\/wp\/v2\/media?parent=176"}],"wp:term":[{"taxonomy":"category","embeddable":true,"href":"http:\/\/www.feuerwehr-kuden.de\/wcms\/wp-json\/wp\/v2\/categories?post=176"},{"taxonomy":"post_tag","embeddable":true,"href":"http:\/\/www.feuerwehr-kuden.de\/wcms\/wp-json\/wp\/v2\/tags?post=176"}],"curies":[{"name":"wp","href":"https:\/\/api.w.org\/{rel}","templated":true}]}}