{"id":625,"date":"2013-08-15T18:47:06","date_gmt":"2013-08-15T16:47:06","guid":{"rendered":"http:\/\/www.feuerwehr-kuden.de\/wcms\/?p=625"},"modified":"2013-08-15T21:01:09","modified_gmt":"2013-08-15T19:01:09","slug":"kudener-helfen-in-brunsbuttel","status":"publish","type":"post","link":"http:\/\/www.feuerwehr-kuden.de\/wcms\/2013\/kudener-helfen-in-brunsbuttel\/","title":{"rendered":"Kudener helfen in Brunsb\u00fcttel"},"content":{"rendered":"<p>Mit Stefan Wilde und S\u00f6ren Winter von unserer Feuerwehr stehen der Feuerwach S\u00fcd in Brunsb\u00fcttel im\u00a0Tagesalarmfall zwei vollausgebildete <a href=\"http:\/\/www.feuerwehr-kuden.de\/wcms\/wp-content\/uploads\/2013\/08\/DSC_2754.jpg\" data-rel=\"lightbox-image-0\" data-rl_title=\"\" data-rl_caption=\"\" title=\"\"><img loading=\"lazy\" class=\"alignright size-medium wp-image-634\" alt=\"DSC_2754\" src=\"http:\/\/www.feuerwehr-kuden.de\/wcms\/wp-content\/uploads\/2013\/08\/DSC_2754-199x300.jpg\" width=\"199\" height=\"300\" srcset=\"http:\/\/www.feuerwehr-kuden.de\/wcms\/wp-content\/uploads\/2013\/08\/DSC_2754-199x300.jpg 199w, http:\/\/www.feuerwehr-kuden.de\/wcms\/wp-content\/uploads\/2013\/08\/DSC_2754.jpg 399w\" sizes=\"(max-width: 199px) 100vw, 199px\" \/><\/a>Kr\u00e4fte f\u00fcr den Einsatzdienst zur Verf\u00fcgung. Im Rahmen einer sogenannten Doppelmitgliedschaft unterst\u00fctzen S\u00f6ren und Stefan w\u00e4hrend ihrer Arbeitszeit in der Brunsb\u00fctteler Industrie den Brandschutz in der Stadt Brunsb\u00fcttel. Die betroffenen Arbeitgeber stellen die Kameraden im Einsatzfall von der Arbeit frei. Ein gutes Beispiel f\u00fcr ein gemeinsames Miteinander innerhalb der Feuerwehren. Von einer Doppelmitgliedschaft profitieren augenscheinlich zun\u00e4chst nur gro\u00dfe Orte mit entsprechenden Arbeitspl\u00e4tzen. Doch auch die Heimatwehren profitieren aufgrund der erweiterten Einsatzerfahrung ihrer Feuerwehrleute.<\/p>\n","protected":false},"excerpt":{"rendered":"Mit Stefan Wilde und S\u00f6ren Winter von unserer Feuerwehr stehen der Feuerwach S\u00fcd in Brunsb\u00fcttel im\u00a0Tagesalarmfall zwei vollausgebildete Kr\u00e4fte f\u00fcr den Einsatzdienst zur Verf\u00fcgung. Im &hellip;","protected":false},"author":3,"featured_media":0,"comment_status":"closed","ping_status":"open","sticky":false,"template":"","format":"standard","meta":{"ngg_post_thumbnail":0},"categories":[1],"tags":[],"_links":{"self":[{"href":"http:\/\/www.feuerwehr-kuden.de\/wcms\/wp-json\/wp\/v2\/posts\/625"}],"collection":[{"href":"http:\/\/www.feuerwehr-kuden.de\/wcms\/wp-json\/wp\/v2\/posts"}],"about":[{"href":"http:\/\/www.feuerwehr-kuden.de\/wcms\/wp-json\/wp\/v2\/types\/post"}],"author":[{"embeddable":true,"href":"http:\/\/www.feuerwehr-kuden.de\/wcms\/wp-json\/wp\/v2\/users\/3"}],"replies":[{"embeddable":true,"href":"http:\/\/www.feuerwehr-kuden.de\/wcms\/wp-json\/wp\/v2\/comments?post=625"}],"version-history":[{"count":4,"href":"http:\/\/www.feuerwehr-kuden.de\/wcms\/wp-json\/wp\/v2\/posts\/625\/revisions"}],"predecessor-version":[{"id":633,"href":"http:\/\/www.feuerwehr-kuden.de\/wcms\/wp-json\/wp\/v2\/posts\/625\/revisions\/633"}],"wp:attachment":[{"href":"http:\/\/www.feuerwehr-kuden.de\/wcms\/wp-json\/wp\/v2\/media?parent=625"}],"wp:term":[{"taxonomy":"category","embeddable":true,"href":"http:\/\/www.feuerwehr-kuden.de\/wcms\/wp-json\/wp\/v2\/categories?post=625"},{"taxonomy":"post_tag","embeddable":true,"href":"http:\/\/www.feuerwehr-kuden.de\/wcms\/wp-json\/wp\/v2\/tags?post=625"}],"curies":[{"name":"wp","href":"https:\/\/api.w.org\/{rel}","templated":true}]}}