{"id":700,"date":"2013-11-03T13:23:13","date_gmt":"2013-11-03T12:23:13","guid":{"rendered":"http:\/\/www.feuerwehr-kuden.de\/wcms\/?p=700"},"modified":"2013-11-03T13:50:01","modified_gmt":"2013-11-03T12:50:01","slug":"feuer-und-baum-auf-dach-beim-chef-der-feuerwehr","status":"publish","type":"post","link":"http:\/\/www.feuerwehr-kuden.de\/wcms\/2013\/feuer-und-baum-auf-dach-beim-chef-der-feuerwehr\/","title":{"rendered":"Feuer und Baum auf Dach beim Chef der Feuerwehr"},"content":{"rendered":"<p>Innerhalb von zehn Tagen brannte es im Toaster auf einer Fensterbank und ein gro\u00dfer abgebrochener Kiefernast besch\u00e4digte beim Orkan \u201eChristian\u201c das Dach am Haus unseres Wehrf\u00fchrers Kay Ehlers.<br \/>\nW\u00e4hrend der Vorstandssitzung der Feuerwehr\u00a0erhielt Kay einen Anruf seiner Tochter, dass der Toaster mit offener Flamme brenne. Nach seiner Aufforderung sofort den Netzstecker zu ziehen und das Ger\u00e4t m\u00f6glichst nach drau\u00dfen zu bef\u00f6rdern, gab Sie an, dass dies schon l\u00e4ngst erledigt sei. Da zum Gl\u00fcck auch die Gardinen kein Feuer gefangen hatten, konnte die Vorstandssitzung fortgesetzt werden. In der Nachbetrachtung ist erw\u00e4hnenswert, dass das Feuer durch die installierten <a href=\"http:\/\/www.rauchmelder-lebensretter.de\/home\/\" target=\"_blank\">Rauchwarnmelder <\/a>im Obergeschoss entdeckt wurde. Somit wurde ein Zimmerbrand noch in der Entstehungsphase durch umsichtiges Handeln eines im Rahmen der Brandschutzerziehung geschulten Kindes verhindert. Die Deckenbereiche im Raum sowie im Obergeschoss waren, lediglich durch ein St\u00fcck brennendes Brot, bereits stark verqualmt.<\/p>\n<p>Das am Montag durchziehende Orkantief \u201eChristian\u201c verursachte dann den Dachschaden am Haus unseres Wehrf\u00fchrers. Ein abgebrochener Kiefernast vom Nachbargrundst\u00fcck besch\u00e4digte die ersten zwei Reihen der Dachpfannen und die darunter liegende Gitterfolie. Zwei Feuerwehrkameraden unterst\u00fctzen Kay noch am gleichen Abend bei der Reparatur, so dass ein aufkommender Regen keine Folgesch\u00e4den verursachen konnte. Selbstverst\u00e4ndlich wurden zu allererst die neun Schadenstellen innerhalb der Gemeinde Kuden durch die Feuerwehr abgearbeitet bevor um 22.45 Uhr mit der Arbeit an Kay\u2019s Hausdach begonnen wurde.<\/p>\n\n\t\t<style type=\"text\/css\">\n\t\t\t#gallery-1 {\n\t\t\t\tmargin: auto;\n\t\t\t}\n\t\t\t#gallery-1 .gallery-item {\n\t\t\t\tfloat: left;\n\t\t\t\tmargin-top: 10px;\n\t\t\t\ttext-align: center;\n\t\t\t\twidth: 25%;\n\t\t\t}\n\t\t\t#gallery-1 img {\n\t\t\t\tborder: 2px solid #cfcfcf;\n\t\t\t}\n\t\t\t#gallery-1 .gallery-caption {\n\t\t\t\tmargin-left: 0;\n\t\t\t}\n\t\t\t\/* see gallery_shortcode() in wp-includes\/media.php *\/\n\t\t<\/style>\n\t\t<div id='gallery-1' class='gallery galleryid-700 gallery-columns-4 gallery-size-thumbnail'><dl class='gallery-item'>\n\t\t\t<dt class='gallery-icon portrait'>\n\t\t\t\t<a href='http:\/\/www.feuerwehr-kuden.de\/wcms\/wp-content\/uploads\/2013\/11\/DSC_0094.jpg' title=\"\" data-rl_title=\"\" class=\"rl-gallery-link\" data-rl_caption=\"\" data-rel=\"lightbox-gallery-1\"><img width=\"150\" height=\"150\" src=\"http:\/\/www.feuerwehr-kuden.de\/wcms\/wp-content\/uploads\/2013\/11\/DSC_0094-150x150.jpg\" class=\"attachment-thumbnail size-thumbnail\" alt=\"\" loading=\"lazy\" aria-describedby=\"gallery-1-708\" \/><\/a>\n\t\t\t<\/dt>\n\t\t\t\t<dd class='wp-caption-text gallery-caption' id='gallery-1-708'>\n\t\t\t\tausl\u00f6sender Rauchwarnelder im 1.OG\n\t\t\t\t<\/dd><\/dl><dl class='gallery-item'>\n\t\t\t<dt class='gallery-icon landscape'>\n\t\t\t\t<a href='http:\/\/www.feuerwehr-kuden.de\/wcms\/wp-content\/uploads\/2013\/11\/DSC_0091.jpg' title=\"\" data-rl_title=\"\" class=\"rl-gallery-link\" data-rl_caption=\"\" data-rel=\"lightbox-gallery-1\"><img width=\"150\" height=\"150\" src=\"http:\/\/www.feuerwehr-kuden.de\/wcms\/wp-content\/uploads\/2013\/11\/DSC_0091-150x150.jpg\" class=\"attachment-thumbnail size-thumbnail\" alt=\"\" loading=\"lazy\" aria-describedby=\"gallery-1-707\" \/><\/a>\n\t\t\t<\/dt>\n\t\t\t\t<dd class='wp-caption-text gallery-caption' id='gallery-1-707'>\n\t\t\t\tRauchwarnmelder mit 10-Jahresbatterie\n\t\t\t\t<\/dd><\/dl><dl class='gallery-item'>\n\t\t\t<dt class='gallery-icon landscape'>\n\t\t\t\t<a href='http:\/\/www.feuerwehr-kuden.de\/wcms\/wp-content\/uploads\/2013\/11\/DSC_0087.jpg' title=\"\" data-rl_title=\"\" class=\"rl-gallery-link\" data-rl_caption=\"\" data-rel=\"lightbox-gallery-1\"><img width=\"150\" height=\"150\" src=\"http:\/\/www.feuerwehr-kuden.de\/wcms\/wp-content\/uploads\/2013\/11\/DSC_0087-150x150.jpg\" class=\"attachment-thumbnail size-thumbnail\" alt=\"\" loading=\"lazy\" aria-describedby=\"gallery-1-706\" \/><\/a>\n\t\t\t<\/dt>\n\t\t\t\t<dd class='wp-caption-text gallery-caption' id='gallery-1-706'>\n\t\t\t\tDiesesToast brannte mit offener Flamme\n\t\t\t\t<\/dd><\/dl><dl class='gallery-item'>\n\t\t\t<dt class='gallery-icon portrait'>\n\t\t\t\t<a href='http:\/\/www.feuerwehr-kuden.de\/wcms\/wp-content\/uploads\/2013\/11\/DSC_0086.jpg' title=\"\" data-rl_title=\"\" class=\"rl-gallery-link\" data-rl_caption=\"\" data-rel=\"lightbox-gallery-1\"><img width=\"150\" height=\"150\" src=\"http:\/\/www.feuerwehr-kuden.de\/wcms\/wp-content\/uploads\/2013\/11\/DSC_0086-150x150.jpg\" class=\"attachment-thumbnail size-thumbnail\" alt=\"\" loading=\"lazy\" aria-describedby=\"gallery-1-705\" \/><\/a>\n\t\t\t<\/dt>\n\t\t\t\t<dd class='wp-caption-text gallery-caption' id='gallery-1-705'>\n\t\t\t\tAusbreitungsgefahr durch Gardinen\n\t\t\t\t<\/dd><\/dl><br style=\"clear: both\" \/><dl class='gallery-item'>\n\t\t\t<dt class='gallery-icon landscape'>\n\t\t\t\t<a href='http:\/\/www.feuerwehr-kuden.de\/wcms\/wp-content\/uploads\/2013\/11\/DSC_0045.jpg' title=\"\" data-rl_title=\"\" class=\"rl-gallery-link\" data-rl_caption=\"\" data-rel=\"lightbox-gallery-1\"><img width=\"150\" height=\"150\" src=\"http:\/\/www.feuerwehr-kuden.de\/wcms\/wp-content\/uploads\/2013\/11\/DSC_0045-150x150.jpg\" class=\"attachment-thumbnail size-thumbnail\" alt=\"\" loading=\"lazy\" \/><\/a>\n\t\t\t<\/dt><\/dl><dl class='gallery-item'>\n\t\t\t<dt class='gallery-icon landscape'>\n\t\t\t\t<a href='http:\/\/www.feuerwehr-kuden.de\/wcms\/wp-content\/uploads\/2013\/11\/DSC_0043.jpg' title=\"\" data-rl_title=\"\" class=\"rl-gallery-link\" data-rl_caption=\"\" data-rel=\"lightbox-gallery-1\"><img width=\"150\" height=\"150\" src=\"http:\/\/www.feuerwehr-kuden.de\/wcms\/wp-content\/uploads\/2013\/11\/DSC_0043-150x150.jpg\" class=\"attachment-thumbnail size-thumbnail\" alt=\"\" loading=\"lazy\" \/><\/a>\n\t\t\t<\/dt><\/dl><dl class='gallery-item'>\n\t\t\t<dt class='gallery-icon landscape'>\n\t\t\t\t<a href='http:\/\/www.feuerwehr-kuden.de\/wcms\/wp-content\/uploads\/2013\/11\/DSC_0041.jpg' title=\"\" data-rl_title=\"\" class=\"rl-gallery-link\" data-rl_caption=\"\" data-rel=\"lightbox-gallery-1\"><img width=\"150\" height=\"150\" src=\"http:\/\/www.feuerwehr-kuden.de\/wcms\/wp-content\/uploads\/2013\/11\/DSC_0041-150x150.jpg\" class=\"attachment-thumbnail size-thumbnail\" alt=\"\" loading=\"lazy\" \/><\/a>\n\t\t\t<\/dt><\/dl><dl class='gallery-item'>\n\t\t\t<dt class='gallery-icon landscape'>\n\t\t\t\t<a href='http:\/\/www.feuerwehr-kuden.de\/wcms\/wp-content\/uploads\/2013\/11\/DSC_0038.jpg' title=\"\" data-rl_title=\"\" class=\"rl-gallery-link\" data-rl_caption=\"\" data-rel=\"lightbox-gallery-1\"><img width=\"150\" height=\"150\" src=\"http:\/\/www.feuerwehr-kuden.de\/wcms\/wp-content\/uploads\/2013\/11\/DSC_0038-150x150.jpg\" class=\"attachment-thumbnail size-thumbnail\" alt=\"\" loading=\"lazy\" aria-describedby=\"gallery-1-701\" \/><\/a>\n\t\t\t<\/dt>\n\t\t\t\t<dd class='wp-caption-text gallery-caption' id='gallery-1-701'>\n\t\t\t\tKein Notfall\n\t\t\t\t<\/dd><\/dl><br style=\"clear: both\" \/>\n\t\t<\/div>\n\n","protected":false},"excerpt":{"rendered":"Innerhalb von zehn Tagen brannte es im Toaster auf einer Fensterbank und ein gro\u00dfer abgebrochener Kiefernast besch\u00e4digte beim Orkan \u201eChristian\u201c das Dach am Haus unseres &hellip;","protected":false},"author":3,"featured_media":706,"comment_status":"closed","ping_status":"open","sticky":false,"template":"","format":"standard","meta":{"ngg_post_thumbnail":0},"categories":[2,1],"tags":[],"_links":{"self":[{"href":"http:\/\/www.feuerwehr-kuden.de\/wcms\/wp-json\/wp\/v2\/posts\/700"}],"collection":[{"href":"http:\/\/www.feuerwehr-kuden.de\/wcms\/wp-json\/wp\/v2\/posts"}],"about":[{"href":"http:\/\/www.feuerwehr-kuden.de\/wcms\/wp-json\/wp\/v2\/types\/post"}],"author":[{"embeddable":true,"href":"http:\/\/www.feuerwehr-kuden.de\/wcms\/wp-json\/wp\/v2\/users\/3"}],"replies":[{"embeddable":true,"href":"http:\/\/www.feuerwehr-kuden.de\/wcms\/wp-json\/wp\/v2\/comments?post=700"}],"version-history":[{"count":5,"href":"http:\/\/www.feuerwehr-kuden.de\/wcms\/wp-json\/wp\/v2\/posts\/700\/revisions"}],"predecessor-version":[{"id":712,"href":"http:\/\/www.feuerwehr-kuden.de\/wcms\/wp-json\/wp\/v2\/posts\/700\/revisions\/712"}],"wp:featuredmedia":[{"embeddable":true,"href":"http:\/\/www.feuerwehr-kuden.de\/wcms\/wp-json\/wp\/v2\/media\/706"}],"wp:attachment":[{"href":"http:\/\/www.feuerwehr-kuden.de\/wcms\/wp-json\/wp\/v2\/media?parent=700"}],"wp:term":[{"taxonomy":"category","embeddable":true,"href":"http:\/\/www.feuerwehr-kuden.de\/wcms\/wp-json\/wp\/v2\/categories?post=700"},{"taxonomy":"post_tag","embeddable":true,"href":"http:\/\/www.feuerwehr-kuden.de\/wcms\/wp-json\/wp\/v2\/tags?post=700"}],"curies":[{"name":"wp","href":"https:\/\/api.w.org\/{rel}","templated":true}]}}