{"id":715,"date":"2013-12-07T15:25:26","date_gmt":"2013-12-07T14:25:26","guid":{"rendered":"http:\/\/www.feuerwehr-kuden.de\/wcms\/?p=715"},"modified":"2013-12-07T15:25:26","modified_gmt":"2013-12-07T14:25:26","slug":"29-verloren","status":"publish","type":"post","link":"http:\/\/www.feuerwehr-kuden.de\/wcms\/2013\/29-verloren\/","title":{"rendered":"2:9 verloren"},"content":{"rendered":"<p><span style=\"color: #000000; font-family: Calibri; font-size: medium;\">Am Tage von Sturmtief \u201eXaver\u201c kam es in Kuden zu zwei Eins\u00e4tzen. Zun\u00e4chst stoppte in der Hauptstr. ein Bus, der seit Brunsb\u00fcttel kontinuierlich Diesel aus einer defekten Leitung verlor. Die Feuerwehr sicherte einen Einlaufschacht der Kanalisation, fing weiter auslaufenden Diesel in einer Wanne auf und band den ausgelaufenen Betriebsstoff mit einem stark saugenden Bindemittel. Aufgrund der L\u00e4nge der Verunreinigung \u00fcbernahm die Stra\u00dfenmeisterei das Abstreuen der Gesamtstrecke.<\/span><\/p>\n<p><span style=\"color: #000000; font-family: Calibri; font-size: medium;\">Um 19.01 Uhr wurden wir zu einer Blockade der L 139 am Ortsausgang Richtung Buchholz alarmiert. Durch den anhaltenden Orkan war eine ca. 12 m hohe Kiefer umgest\u00fcrzt. Der Baum wurde mittels Kettens\u00e4ge in zwei Teile zerteilt und mit einem Schlepper auf ein angrenzendes Feld gezogen. <\/span><\/p>\n<p><span style=\"color: #000000; font-family: Calibri; font-size: medium;\">W\u00e4hrend des Orkans \u201eChristian\u201c am 28. Oktober diesen Jahres waren insgesamt neun Eins\u00e4tze bei der Feuerwehr aufgelaufen. Somit aus Feuerwehrsicht ein erfolgreicher Verlust von 2:9 f\u00fcr \u201eXaver\u201c.<\/span><\/p>\n","protected":false},"excerpt":{"rendered":"Am Tage von Sturmtief \u201eXaver\u201c kam es in Kuden zu zwei Eins\u00e4tzen. Zun\u00e4chst stoppte in der Hauptstr. ein Bus, der seit Brunsb\u00fcttel kontinuierlich Diesel aus &hellip;","protected":false},"author":3,"featured_media":0,"comment_status":"closed","ping_status":"open","sticky":false,"template":"","format":"standard","meta":{"ngg_post_thumbnail":0},"categories":[2],"tags":[],"_links":{"self":[{"href":"http:\/\/www.feuerwehr-kuden.de\/wcms\/wp-json\/wp\/v2\/posts\/715"}],"collection":[{"href":"http:\/\/www.feuerwehr-kuden.de\/wcms\/wp-json\/wp\/v2\/posts"}],"about":[{"href":"http:\/\/www.feuerwehr-kuden.de\/wcms\/wp-json\/wp\/v2\/types\/post"}],"author":[{"embeddable":true,"href":"http:\/\/www.feuerwehr-kuden.de\/wcms\/wp-json\/wp\/v2\/users\/3"}],"replies":[{"embeddable":true,"href":"http:\/\/www.feuerwehr-kuden.de\/wcms\/wp-json\/wp\/v2\/comments?post=715"}],"version-history":[{"count":3,"href":"http:\/\/www.feuerwehr-kuden.de\/wcms\/wp-json\/wp\/v2\/posts\/715\/revisions"}],"predecessor-version":[{"id":718,"href":"http:\/\/www.feuerwehr-kuden.de\/wcms\/wp-json\/wp\/v2\/posts\/715\/revisions\/718"}],"wp:attachment":[{"href":"http:\/\/www.feuerwehr-kuden.de\/wcms\/wp-json\/wp\/v2\/media?parent=715"}],"wp:term":[{"taxonomy":"category","embeddable":true,"href":"http:\/\/www.feuerwehr-kuden.de\/wcms\/wp-json\/wp\/v2\/categories?post=715"},{"taxonomy":"post_tag","embeddable":true,"href":"http:\/\/www.feuerwehr-kuden.de\/wcms\/wp-json\/wp\/v2\/tags?post=715"}],"curies":[{"name":"wp","href":"https:\/\/api.w.org\/{rel}","templated":true}]}}