{"id":730,"date":"2013-12-29T13:24:09","date_gmt":"2013-12-29T12:24:09","guid":{"rendered":"http:\/\/www.feuerwehr-kuden.de\/wcms\/?p=730"},"modified":"2013-12-29T13:33:35","modified_gmt":"2013-12-29T12:33:35","slug":"roland-matthias-stefan-und-finn","status":"publish","type":"post","link":"http:\/\/www.feuerwehr-kuden.de\/wcms\/2013\/roland-matthias-stefan-und-finn\/","title":{"rendered":"NEU: Roland, Matthias, Stefan und Finn"},"content":{"rendered":"<p><a href=\"http:\/\/www.feuerwehr-kuden.de\/wcms\/wp-content\/uploads\/2013\/08\/Leitstelle.jpg\" data-rel=\"lightbox-image-0\" data-rl_title=\"\" data-rl_caption=\"\" title=\"\"><img loading=\"lazy\" class=\"alignright size-full wp-image-639\" alt=\"Leitstelle\" src=\"http:\/\/www.feuerwehr-kuden.de\/wcms\/wp-content\/uploads\/2013\/08\/Leitstelle.jpg\" width=\"259\" height=\"194\" \/><\/a>Das sind die Vornamen unserer vier Neuen, die im Dezember in unsere Freiwillige Feuerwehr eingetreten sind. Roland, 45,\u00a0kommt von der\u00a0Feuerwehr Kremperheide als fertig ausgebildeter Feuerwehrmann zu uns. Er wird sich bei uns mit im Bereich der Jugendfeuerwehr engagieren, da er hier schon viel Erfahrung mitbringt. Matthias hat sich mit 39 Jahren entschieden zur Freiwilligen Feuerwehr zu gehen, um unverschuldet in Not geratenen Menschen zu helfen. Man ist immer jung genug, um bei uns dabei zu sein; eine vorbildliche Einstellung.<br \/>\nMit Stefan, 25, und Finn, 20, haben zwei junge Menschen, die Ihren Lebensmittelpunkt in Kuden haben, den Weg zur Freiwilligen Feuerwehr gefunden. Gemeinsam mit Matthias werden Sie im kommenden Fr\u00fchjahr den Grundausbildungslehrgang im Amt Burg-St. Michaelisdonn besuchen und sich das notwendige R\u00fcstzeug f\u00fcr den Feuerwehrdienst erwerben.<\/p>\n<p>Wir w\u00fcnschen Ihnen einen erfolgreichen Start und viel Spa\u00df in unserem engagierten Team. Unser Team besteht derzeit aus 41 Feuerwehrleuten (40 M\u00e4nner und leider nur einer Frau), von denen 21 als Atemschutzger\u00e4tetr\u00e4ger zur Verf\u00fcgung stehen, um in verrauchte R\u00e4ume eindringen zu k\u00f6nnen.<\/p>\n","protected":false},"excerpt":{"rendered":"Das sind die Vornamen unserer vier Neuen, die im Dezember in unsere Freiwillige Feuerwehr eingetreten sind. Roland, 45,\u00a0kommt von der\u00a0Feuerwehr Kremperheide als fertig ausgebildeter Feuerwehrmann &hellip;","protected":false},"author":3,"featured_media":649,"comment_status":"closed","ping_status":"open","sticky":false,"template":"","format":"standard","meta":{"ngg_post_thumbnail":0},"categories":[3],"tags":[],"_links":{"self":[{"href":"http:\/\/www.feuerwehr-kuden.de\/wcms\/wp-json\/wp\/v2\/posts\/730"}],"collection":[{"href":"http:\/\/www.feuerwehr-kuden.de\/wcms\/wp-json\/wp\/v2\/posts"}],"about":[{"href":"http:\/\/www.feuerwehr-kuden.de\/wcms\/wp-json\/wp\/v2\/types\/post"}],"author":[{"embeddable":true,"href":"http:\/\/www.feuerwehr-kuden.de\/wcms\/wp-json\/wp\/v2\/users\/3"}],"replies":[{"embeddable":true,"href":"http:\/\/www.feuerwehr-kuden.de\/wcms\/wp-json\/wp\/v2\/comments?post=730"}],"version-history":[{"count":5,"href":"http:\/\/www.feuerwehr-kuden.de\/wcms\/wp-json\/wp\/v2\/posts\/730\/revisions"}],"predecessor-version":[{"id":733,"href":"http:\/\/www.feuerwehr-kuden.de\/wcms\/wp-json\/wp\/v2\/posts\/730\/revisions\/733"}],"wp:featuredmedia":[{"embeddable":true,"href":"http:\/\/www.feuerwehr-kuden.de\/wcms\/wp-json\/wp\/v2\/media\/649"}],"wp:attachment":[{"href":"http:\/\/www.feuerwehr-kuden.de\/wcms\/wp-json\/wp\/v2\/media?parent=730"}],"wp:term":[{"taxonomy":"category","embeddable":true,"href":"http:\/\/www.feuerwehr-kuden.de\/wcms\/wp-json\/wp\/v2\/categories?post=730"},{"taxonomy":"post_tag","embeddable":true,"href":"http:\/\/www.feuerwehr-kuden.de\/wcms\/wp-json\/wp\/v2\/tags?post=730"}],"curies":[{"name":"wp","href":"https:\/\/api.w.org\/{rel}","templated":true}]}}